{"id":11176,"date":"2018-07-11T09:40:23","date_gmt":"2018-07-11T09:40:23","guid":{"rendered":"https:\/\/seesaw-foto.com\/2018\/07\/11\/ein-tag-im-leben-eines-eventfotografen-videografen-in-hamburg\/"},"modified":"2023-04-11T22:13:57","modified_gmt":"2023-04-11T22:13:57","slug":"ein-tag-im-leben-eines-eventfotografen-videografen-in-hamburg","status":"publish","type":"post","link":"https:\/\/seesaw-foto.com\/de\/ein-tag-im-leben-eines-eventfotografen-videografen-in-hamburg\/","title":{"rendered":"Ein Tag im Leben eines Eventfotografen\/Videografen in Hamburg"},"content":{"rendered":"\t\t<div data-elementor-type=\"wp-post\" data-elementor-id=\"11176\" class=\"elementor elementor-11176 elementor-2004\" data-elementor-post-type=\"post\">\n\t\t\t\t\t\t<section class=\"elementor-section elementor-top-section elementor-element elementor-element-d12e928 elementor-section-boxed elementor-section-height-default elementor-section-height-default\" data-id=\"d12e928\" data-element_type=\"section\" data-e-type=\"section\">\n\t\t\t\t\t\t<div class=\"elementor-container elementor-column-gap-default\">\n\t\t\t\t\t<div class=\"elementor-column elementor-col-100 elementor-top-column elementor-element elementor-element-d1efbbc\" data-id=\"d1efbbc\" data-element_type=\"column\" data-e-type=\"column\">\n\t\t\t<div class=\"elementor-widget-wrap elementor-element-populated\">\n\t\t\t\t\t\t<div class=\"elementor-element elementor-element-b047f02 elementor-widget elementor-widget-text-editor\" data-id=\"b047f02\" data-element_type=\"widget\" data-e-type=\"widget\" data-widget_type=\"text-editor.default\">\n\t\t\t\t<div class=\"elementor-widget-container\">\n\t\t\t\t\t\t\t\t\t<h1 class=\"one\" style=\"color: #000000; letter-spacing: normal;\"><span style=\"color: #63ab45;\">Ein Tag im Leben eines Eventfotografen\/Videografen in Hamburg: <\/span><\/h1>\n<p>Neugierig, wie ein Arbeitstag eines Eventfotografen oder Videografen in Hamburg aussieht?<\/p>\n<p>Oder haben Sie vielleicht noch nie mit Eventfotografen oder Videografen zusammengearbeitet und m\u00f6chten mehr \u00fcber den Ablauf erfahren?<\/p>\n<p>Eventfotografie und -videografie sind mit viel Planung und Organisation verbunden.<\/p>\n\t\t\t\t\t\t\t\t<\/div>\n\t\t\t\t<\/div>\n\t\t\t\t\t<\/div>\n\t\t<\/div>\n\t\t\t\t\t<\/div>\n\t\t<\/section>\n\t\t\t\t<section class=\"elementor-section elementor-top-section elementor-element elementor-element-7872503 elementor-section-boxed elementor-section-height-default elementor-section-height-default\" data-id=\"7872503\" data-element_type=\"section\" data-e-type=\"section\">\n\t\t\t\t\t\t<div class=\"elementor-container elementor-column-gap-default\">\n\t\t\t\t\t<div class=\"elementor-column elementor-col-33 elementor-top-column elementor-element elementor-element-90c877d\" data-id=\"90c877d\" data-element_type=\"column\" data-e-type=\"column\">\n\t\t\t<div class=\"elementor-widget-wrap elementor-element-populated\">\n\t\t\t\t\t\t<div class=\"elementor-element elementor-element-af9dd66 elementor-widget elementor-widget-image\" data-id=\"af9dd66\" data-element_type=\"widget\" data-e-type=\"widget\" data-widget_type=\"image.default\">\n\t\t\t\t<div class=\"elementor-widget-container\">\n\t\t\t\t\t\t\t\t\t\t\t\t\t\t\t<img fetchpriority=\"high\" decoding=\"async\" width=\"940\" height=\"627\" src=\"https:\/\/seesaw-foto.com\/wp-content\/uploads\/2020\/12\/20160512-GTREU-YS07-7165-1024x683.jpg\" class=\"attachment-large size-large wp-image-10282\" alt=\"\" srcset=\"https:\/\/seesaw-foto.com\/wp-content\/uploads\/2020\/12\/20160512-GTREU-YS07-7165-1024x683.jpg 1024w, https:\/\/seesaw-foto.com\/wp-content\/uploads\/2020\/12\/20160512-GTREU-YS07-7165-300x200.jpg 300w, https:\/\/seesaw-foto.com\/wp-content\/uploads\/2020\/12\/20160512-GTREU-YS07-7165-768x512.jpg 768w, https:\/\/seesaw-foto.com\/wp-content\/uploads\/2020\/12\/20160512-GTREU-YS07-7165-480x320.jpg 480w, https:\/\/seesaw-foto.com\/wp-content\/uploads\/2020\/12\/20160512-GTREU-YS07-7165.jpg 1200w\" sizes=\"(max-width: 940px) 100vw, 940px\" title=\"GTR Europe - Hamburg\" \/>\t\t\t\t\t\t\t\t\t\t\t\t\t\t\t<\/div>\n\t\t\t\t<\/div>\n\t\t\t\t\t<\/div>\n\t\t<\/div>\n\t\t\t\t<div class=\"elementor-column elementor-col-33 elementor-top-column elementor-element elementor-element-6531f9f\" data-id=\"6531f9f\" data-element_type=\"column\" data-e-type=\"column\">\n\t\t\t<div class=\"elementor-widget-wrap elementor-element-populated\">\n\t\t\t\t\t\t<div class=\"elementor-element elementor-element-935f4cf elementor-widget elementor-widget-image\" data-id=\"935f4cf\" data-element_type=\"widget\" data-e-type=\"widget\" data-widget_type=\"image.default\">\n\t\t\t\t<div class=\"elementor-widget-container\">\n\t\t\t\t\t\t\t\t\t\t\t\t\t\t\t<img decoding=\"async\" width=\"940\" height=\"627\" src=\"https:\/\/seesaw-foto.com\/wp-content\/uploads\/2020\/12\/2014_06_05_Atlascamp_-3003-2-1024x683.jpg\" class=\"attachment-large size-large wp-image-10205\" alt=\"\" srcset=\"https:\/\/seesaw-foto.com\/wp-content\/uploads\/2020\/12\/2014_06_05_Atlascamp_-3003-2-1024x683.jpg 1024w, https:\/\/seesaw-foto.com\/wp-content\/uploads\/2020\/12\/2014_06_05_Atlascamp_-3003-2-300x200.jpg 300w, https:\/\/seesaw-foto.com\/wp-content\/uploads\/2020\/12\/2014_06_05_Atlascamp_-3003-2-768x512.jpg 768w, https:\/\/seesaw-foto.com\/wp-content\/uploads\/2020\/12\/2014_06_05_Atlascamp_-3003-2-1536x1024.jpg 1536w, https:\/\/seesaw-foto.com\/wp-content\/uploads\/2020\/12\/2014_06_05_Atlascamp_-3003-2-480x320.jpg 480w, https:\/\/seesaw-foto.com\/wp-content\/uploads\/2020\/12\/2014_06_05_Atlascamp_-3003-2-1200x800.jpg 1200w\" sizes=\"(max-width: 940px) 100vw, 940px\" title=\"Atlascamp 2014\" \/>\t\t\t\t\t\t\t\t\t\t\t\t\t\t\t<\/div>\n\t\t\t\t<\/div>\n\t\t\t\t\t<\/div>\n\t\t<\/div>\n\t\t\t\t<div class=\"elementor-column elementor-col-33 elementor-top-column elementor-element elementor-element-2c9fcd8\" data-id=\"2c9fcd8\" data-element_type=\"column\" data-e-type=\"column\">\n\t\t\t<div class=\"elementor-widget-wrap elementor-element-populated\">\n\t\t\t\t\t\t<div class=\"elementor-element elementor-element-b23c6d3 elementor-widget elementor-widget-image\" data-id=\"b23c6d3\" data-element_type=\"widget\" data-e-type=\"widget\" data-widget_type=\"image.default\">\n\t\t\t\t<div class=\"elementor-widget-container\">\n\t\t\t\t\t\t\t\t\t\t\t\t\t\t\t<img decoding=\"async\" width=\"940\" height=\"627\" src=\"https:\/\/seesaw-foto.com\/wp-content\/uploads\/2020\/11\/20180228_SuperReturn-MP01-2051-1024x683.jpg\" class=\"attachment-large size-large wp-image-10064\" alt=\"\" srcset=\"https:\/\/seesaw-foto.com\/wp-content\/uploads\/2020\/11\/20180228_SuperReturn-MP01-2051-1024x683.jpg 1024w, https:\/\/seesaw-foto.com\/wp-content\/uploads\/2020\/11\/20180228_SuperReturn-MP01-2051-300x200.jpg 300w, https:\/\/seesaw-foto.com\/wp-content\/uploads\/2020\/11\/20180228_SuperReturn-MP01-2051-768x512.jpg 768w, https:\/\/seesaw-foto.com\/wp-content\/uploads\/2020\/11\/20180228_SuperReturn-MP01-2051-480x320.jpg 480w, https:\/\/seesaw-foto.com\/wp-content\/uploads\/2020\/11\/20180228_SuperReturn-MP01-2051.jpg 1200w\" sizes=\"(max-width: 940px) 100vw, 940px\" title=\"SuperReturn International 2018\" \/>\t\t\t\t\t\t\t\t\t\t\t\t\t\t\t<\/div>\n\t\t\t\t<\/div>\n\t\t\t\t\t<\/div>\n\t\t<\/div>\n\t\t\t\t\t<\/div>\n\t\t<\/section>\n\t\t\t\t<section class=\"elementor-section elementor-top-section elementor-element elementor-element-af2d93c elementor-section-boxed elementor-section-height-default elementor-section-height-default\" data-id=\"af2d93c\" data-element_type=\"section\" data-e-type=\"section\">\n\t\t\t\t\t\t<div class=\"elementor-container elementor-column-gap-default\">\n\t\t\t\t\t<div class=\"elementor-column elementor-col-100 elementor-top-column elementor-element elementor-element-06f2066\" data-id=\"06f2066\" data-element_type=\"column\" data-e-type=\"column\">\n\t\t\t<div class=\"elementor-widget-wrap elementor-element-populated\">\n\t\t\t\t\t\t<div class=\"elementor-element elementor-element-c3d914d elementor-widget elementor-widget-text-editor\" data-id=\"c3d914d\" data-element_type=\"widget\" data-e-type=\"widget\" data-widget_type=\"text-editor.default\">\n\t\t\t\t<div class=\"elementor-widget-container\">\n\t\t\t\t\t\t\t\t\t<h2 class=\"one\" style=\"color: #000000; letter-spacing: normal;\"><span style=\"color: #63ab45;\">Vorbereitung auf die Veranstaltung<\/span><\/h2>\n<p>Die Vorbereitung beginnt damit, dass wir uns vergewissern, dass wir \u00fcber die erforderliche Ausr\u00fcstung und die notwendigen Utensilien f\u00fcr die Arbeit verf\u00fcgen. <\/p>\n<p>Dazu geh\u00f6ren auch geladene Batterien und leere Datenkarten. F\u00fcr einfache Fotoauftr\u00e4ge bringen wir Folgendes mit: <\/p>\n<ul>\n<li>2 professionelle Canon Kameras (Canon 5D <a href=\"https:\/\/www.canon.de\/for_home\/product_finder\/cameras\/digital_slr\/eos_5d_mark_iii\/\">Mark III<\/a> and <a href=\"https:\/\/www.canon.de\/cameras\/eos-5d-mark-iv\/\">IV<\/a>) <\/li>\n<li>3 lenses (<a href=\"https:\/\/www.canon.de\/lenses\/ef-70-200mm-f-2-8l-is-ii-usm-lens\/\">Canon 70-200mm f\/2.8L Mark I<\/a>I, <a href=\"https:\/\/www.usa.canon.com\/internet\/portal\/us\/home\/products\/details\/lenses\/ef\/wide-angle\/ef-35mm-f-1-4l-usm\">Canon 35mm f\/1.4L<\/a>, and Canon 16-35mm f2.8L) <\/li>\n<li>MacBook Pro <\/li>\n<li>2 x 1TB hard drives for on-site backup of footage (besides two data cards for each camera for redundancy) <\/li>\n<li>und ein kleiner Blitz (<a href=\"https:\/\/www.canon.de\/for_home\/product_finder\/cameras\/speedlite_flash\/speedlite_580ex\/\">Canon Speedlite 580EX<\/a>) <\/li>\n<\/ul>\n<p>F\u00fcr Videoeins\u00e4tze bringen wir die dreifache Ausr\u00fcstung wie f\u00fcr die Fotografie mit. Dazu geh\u00f6ren: <\/p>\n<ul>\n<li>a professional video camera (Sony FS5 or Canon c200) <\/li>\n<li>a small mirrorless camera (Sony \u03b17S II or Balck Magic)<\/li>\n<li>ein Kardanring <\/li>\n<li>2 bis 3 Leuchten und Stative (for interviews)<\/li>\n<li>Tonausr\u00fcstung (Mikrofon an der Kamera, Nackenmikrofon oder Handmikrofon) <\/li>\n<li>externer Rekorder (Zoom H4n) <\/li>\n<li>XLR-Kabel <\/li>\n<li>Videostative und Einbeinstative, Schieberegler, und mehr<\/li>\n<\/ul>\n<p>Am Tag der Veranstaltung besteht unsere Vorbereitungsarbeit darin, die Verkehrslage zu pr\u00fcfen und die beste Route zu ermitteln, um rechtzeitig zum Veranstaltungsort zu gelangen. Es ist \u00fcblich, dass wir bei Fotoauftr\u00e4gen mindestens 30 Minuten und bei Videoauftr\u00e4gen 1 bis 2 Stunden zu fr\u00fch kommen.<\/p>\n<p><a href=\"https:\/\/seesaw-foto.com\/wp-content\/uploads\/2018\/07\/cike9vfweaacc2g.jpg\"><img loading=\"lazy\" decoding=\"async\" class=\"alignnone size-full wp-image-2095\" src=\"https:\/\/seesaw-foto.com\/wp-content\/uploads\/2018\/07\/cike9vfweaacc2g.jpg\" alt=\"\" width=\"600\" height=\"600\"><\/a><\/p>\n<h2 class=\"one\" style=\"color: #000000; letter-spacing: normal;\"><span style=\"color: #63ab45;\">Einrichten bei der Ankunft am Standort<\/span><\/h2>\n<p>Einer der Gr\u00fcnde, warum wir fr\u00fch ankommen, ist, dass wir die Bedingungen am Veranstaltungsort pr\u00fcfen und unsere Ausr\u00fcstung aufbauen k\u00f6nnen. Wir werden uns die Lichtverh\u00e4ltnisse, die Hintergrundelemente, die Platzierung der Marken, die Intervieworte usw. ansehen. Falls erforderlich, nehmen wir Anpassungen und Verbesserungen vor, um die besten Ergebnisse zu erzielen. Bei Bedarf sorgen wir f\u00fcr zus\u00e4tzliche Beleuchtung und stellen unsere Ausr\u00fcstung an strategischen Positionen auf, um eine optimale Abdeckung zu gew\u00e4hrleisten. F\u00fcr Vorstellungsgespr\u00e4che suchen wir einen ruhigen Ort mit einem sauberen Hintergrund, es sei denn, der Kunde hat andere W\u00fcnsche.<\/p>\n<p><a href=\"https:\/\/seesaw-foto.com\/wp-content\/uploads\/2018\/07\/pc_160418_0095.jpg\"><img loading=\"lazy\" decoding=\"async\" class=\"wp-image-2096 size-large\" src=\"https:\/\/seesaw-foto.com\/wp-content\/uploads\/2018\/07\/pc_160418_0095-1024x682.jpg\" alt=\"\" width=\"960\" height=\"639\"><\/a><\/p>\n<h2 class=\"one\" style=\"color: #000000; letter-spacing: normal;\"><span style=\"color: #63ab45;\">Der Auftrag f\u00fcr Fotografie\/Videografie<\/span><\/h2>\n<p>Bei der Fotografie konzentrieren wir uns auf die Geschichte der Veranstaltung, die Atmosph\u00e4re, das Branding des Unternehmens und die menschlichen Interaktionen. Unser Ansatz reicht von der Reportagefotografie bis zur Stra\u00dfenfotografie. Wir fangen Details des Ereignisses ein, indem wir verschiedene Kompositionen und Hintergr\u00fcnde mit einem ehrlichen Look und Gef\u00fchl verwenden.<\/p>\n<p>Neben regul\u00e4rem Videomaterial werden wir auch Zeitraffer-Clips mit verschiedenen Perspektiven des Ereignisses zeigen. Bei der Aufnahme von Interviews verwenden wir 2 Kameras, da dies eine bessere Abdeckung f\u00fcr einen dynamischeren Videoschnitt erm\u00f6glicht.<\/p>\n<p><a href=\"https:\/\/seesaw-foto.com\/wp-content\/uploads\/2018\/07\/screen-shot-2018-07-11-at-11.12.42.png\"><img loading=\"lazy\" decoding=\"async\" class=\"alignnone wp-image-2097 size-large\" src=\"https:\/\/seesaw-foto.com\/wp-content\/uploads\/2018\/07\/screen-shot-2018-07-11-at-11.12.42-1024x641.png\" alt=\"\" width=\"960\" height=\"601\"><\/a><\/p>\n<h2 class=\"one\" style=\"color: #000000; letter-spacing: normal;\"><span style=\"color: #63ab45;\">Datensicherung <\/span><\/h2>\n<p>Wir sichern alle paar Stunden das gesamte Filmmaterial auf zwei separaten Festplatten, wobei die Originaldaten auf den Karten gespeichert werden, um eine zus\u00e4tzliche Sicherungsschicht zu erhalten. Das bedeutet, dass wir die Daten an 3 Stellen haben, um die Redundanz zu erh\u00f6hen. <\/p>\n<h2 class=\"one\" style=\"color: #000000; letter-spacing: normal;\"><span style=\"color: #63ab45;\">Soziale Medien<\/span><\/h2>\n<p>Unsere Dienstleistungen umfassen die Bereitstellung vor Ort f\u00fcr die Mediennutzung und die Ver\u00f6ffentlichung in den sozialen Medien. Je nachdem, wie schnell der Kunde das Bildmaterial ben\u00f6tigt, liefern wir in der Regel 10 bis 20 Fotos in der Mittagspause. Wir sind flexibel und k\u00f6nnen auf unterschiedliche Anforderungen eingehen.<\/p>\n\t\t\t\t\t\t\t\t<\/div>\n\t\t\t\t<\/div>\n\t\t\t\t\t<\/div>\n\t\t<\/div>\n\t\t\t\t\t<\/div>\n\t\t<\/section>\n\t\t\t\t<section class=\"elementor-section elementor-top-section elementor-element elementor-element-0114e1a elementor-section-boxed elementor-section-height-default elementor-section-height-default\" data-id=\"0114e1a\" data-element_type=\"section\" data-e-type=\"section\">\n\t\t\t\t\t\t<div class=\"elementor-container elementor-column-gap-default\">\n\t\t\t\t\t<div class=\"elementor-column elementor-col-100 elementor-top-column elementor-element elementor-element-a95bd59\" data-id=\"a95bd59\" data-element_type=\"column\" data-e-type=\"column\">\n\t\t\t<div class=\"elementor-widget-wrap elementor-element-populated\">\n\t\t\t\t\t\t<div class=\"elementor-element elementor-element-47cd36f elementor-widget elementor-widget-image\" data-id=\"47cd36f\" data-element_type=\"widget\" data-e-type=\"widget\" data-widget_type=\"image.default\">\n\t\t\t\t<div class=\"elementor-widget-container\">\n\t\t\t\t\t\t\t\t\t\t\t\t\t\t\t<img loading=\"lazy\" decoding=\"async\" width=\"1200\" height=\"800\" src=\"https:\/\/seesaw-foto.com\/wp-content\/uploads\/2020\/12\/YS_160418-4D3A6233.jpg\" class=\"attachment-full size-full wp-image-10258\" alt=\"\" srcset=\"https:\/\/seesaw-foto.com\/wp-content\/uploads\/2020\/12\/YS_160418-4D3A6233.jpg 1200w, https:\/\/seesaw-foto.com\/wp-content\/uploads\/2020\/12\/YS_160418-4D3A6233-300x200.jpg 300w, https:\/\/seesaw-foto.com\/wp-content\/uploads\/2020\/12\/YS_160418-4D3A6233-1024x683.jpg 1024w, https:\/\/seesaw-foto.com\/wp-content\/uploads\/2020\/12\/YS_160418-4D3A6233-768x512.jpg 768w, https:\/\/seesaw-foto.com\/wp-content\/uploads\/2020\/12\/YS_160418-4D3A6233-480x320.jpg 480w\" sizes=\"(max-width: 1200px) 100vw, 1200px\" title=\"BP | Fuel Story Launch\" \/>\t\t\t\t\t\t\t\t\t\t\t\t\t\t\t<\/div>\n\t\t\t\t<\/div>\n\t\t\t\t\t<\/div>\n\t\t<\/div>\n\t\t\t\t\t<\/div>\n\t\t<\/section>\n\t\t\t\t<section class=\"elementor-section elementor-top-section elementor-element elementor-element-79edd581 elementor-section-boxed elementor-section-height-default elementor-section-height-default\" data-id=\"79edd581\" data-element_type=\"section\" data-e-type=\"section\">\n\t\t\t\t\t\t<div class=\"elementor-container elementor-column-gap-default\">\n\t\t\t\t\t<div class=\"elementor-column elementor-col-100 elementor-top-column elementor-element elementor-element-5a818997\" data-id=\"5a818997\" data-element_type=\"column\" data-e-type=\"column\">\n\t\t\t<div class=\"elementor-widget-wrap elementor-element-populated\">\n\t\t\t\t\t\t<div class=\"elementor-element elementor-element-28e32f53 elementor-widget elementor-widget-text-editor\" data-id=\"28e32f53\" data-element_type=\"widget\" data-e-type=\"widget\" data-widget_type=\"text-editor.default\">\n\t\t\t\t<div class=\"elementor-widget-container\">\n\t\t\t\t\t\t\t\t\t<div class=\"mceTemp\"> <b style=\"color: #63ab45; font-size: 27px; letter-spacing: 1px;\">Einpacken &amp; Lieferung<\/b><\/div>\n<p><span style=\"font-weight: 400;\">Nach Abschluss des Auftrags besprechen wir mit dem Kunden die Lieferzeit und die Art der Lieferung. <\/span><\/p>\n<p><span style=\"font-weight: 400;\">Die Lieferung erfolgt in der Regel innerhalb weniger Tage nach der Veranstaltung \u00fcber Dropbox, unsere bevorzugte Cloud-Speicherplattform. Wir werden das Material in 2 verschiedenen Ordnern organisieren &#8211; einen f\u00fcr Webqualit\u00e4t mit 72 dpi und einen f\u00fcr Druckqualit\u00e4t mit 300 dpi. Dadurch, dass der Kunde sofort auf beide Versionen zugreifen kann, spart er sich die Zeit und M\u00fche, hochaufl\u00f6sende Fotos selbst zu vergr\u00f6\u00dfern. <\/span><\/p>\n<p><span style=\"font-weight: 400;\">Wie Sie sehen k\u00f6nnen, gibt es eine ganze Reihe von kleinen Details, die wir ber\u00fccksichtigen, um sicherzustellen, dass wir hochwertige Ergebnisse liefern. Das ist es, was professionelle Fotografie\/Videografie ausmacht. <\/span><\/p>\n<p><i><span style=\"font-weight: 400;\">Sie suchen einen Eventfotografen oder Videofilmer in Frankfurt? <\/span><\/i><a href=\"https:\/\/seesaw-foto.com\/kontakt-aufnehmen\/?lang=de\"><i><span style=\"font-weight: 400;\">Sagen Sie uns, wie wir helfen k\u00f6nnen<\/span><\/i><\/a><i><span style=\"font-weight: 400;\">. <\/span><\/i><i><span style=\"font-weight: 400;\">Wir freuen uns darauf, sch\u00f6ne Momente auf Ihrer n\u00e4chsten Veranstaltung festzuhalten.<\/span><\/i><\/p>\n\t\t\t\t\t\t\t\t<\/div>\n\t\t\t\t<\/div>\n\t\t\t\t\t<\/div>\n\t\t<\/div>\n\t\t\t\t\t<\/div>\n\t\t<\/section>\n\t\t\t\t<section class=\"elementor-section elementor-top-section elementor-element elementor-element-07a9648 elementor-section-boxed elementor-section-height-default elementor-section-height-default\" data-id=\"07a9648\" data-element_type=\"section\" data-e-type=\"section\">\n\t\t\t\t\t\t<div class=\"elementor-container elementor-column-gap-default\">\n\t\t\t\t\t<div class=\"elementor-column elementor-col-100 elementor-top-column elementor-element elementor-element-c58d096\" data-id=\"c58d096\" data-element_type=\"column\" data-e-type=\"column\">\n\t\t\t<div class=\"elementor-widget-wrap elementor-element-populated\">\n\t\t\t\t\t\t<div class=\"gt3-core-button--alignment_center elementor-element elementor-element-6b2d1f9 elementor-invisible elementor-widget elementor-widget-gt3-core-button\" data-id=\"6b2d1f9\" data-element_type=\"widget\" data-e-type=\"widget\" data-settings=\"{&quot;_animation&quot;:&quot;fadeInUp&quot;}\" data-widget_type=\"gt3-core-button.default\">\n\t\t\t\t<div class=\"elementor-widget-container\">\n\t\t\t\t\t\t<div class=\"gt3_module_button_elementor size_custom alignment_center button_icon_icon hover_none rounded\">\r\n\t\t<a class=\"button_size_elementor_custom alignment_center border_icon_icon hover_none btn_icon_position_left\" href=\"\/get-in-touch\/\">\r\n\t\t\t\t<span class=\"gt3_module_button__container\">\r\n\t\t\t\t\t\t\t\t\t\t\t<span class=\"gt3_module_button__cover front\"><span class=\"elementor_btn_icon_container\"><span class=\"elementor_gt3_btn_icon \"><\/span><\/span><span class=\"elementor_gt3_btn_text\">get in touch<\/span><\/span>\r\n\t\t\t\t\t\t\t\t\t\t\t\t\t\t\t<\/span>\r\n\t\t<\/a>\r\n\t<\/div>\r\n\r\n<script type=\"application\/json\" id=\"settings--6b2d1f9\">[]<\/script>\t\t\t\t<\/div>\n\t\t\t\t<\/div>\n\t\t\t\t\t<\/div>\n\t\t<\/div>\n\t\t\t\t\t<\/div>\n\t\t<\/section>\n\t\t\t\t<\/div>\n\t\t","protected":false},"excerpt":{"rendered":"<p>Ein Tag im Leben eines Eventfotografen\/Videografen in Hamburg: Neugierig, wie ein Arbeitstag eines Eventfotografen oder Videografen in Hamburg aussieht? Oder haben Sie vielleicht noch nie mit Eventfotografen oder Videografen zusammengearbeitet und m\u00f6chten mehr \u00fcber den Ablauf erfahren? Eventfotografie und -videografie sind mit viel Planung und Organisation verbunden. Vorbereitung auf die Veranstaltung Die Vorbereitung beginnt damit, [&hellip;]<\/p>\n","protected":false},"author":3,"featured_media":10282,"comment_status":"open","ping_status":"open","sticky":false,"template":"","format":"standard","meta":{"footnotes":""},"categories":[186,194,193,188,212],"tags":[222,189],"class_list":["post-11176","post","type-post","status-publish","format-standard","has-post-thumbnail","hentry","category-beispielhafte-ereignisse","category-event-photography-de","category-event-fotografie","category-fallstudie","category-tipps-fur-veranstaltungsplaner","tag-event-fotograf-hamburg","tag-videofilmer-hamburg"],"yoast_head":"<!-- This site is optimized with the Yoast SEO Premium plugin v20.7 (Yoast SEO v27.1.1) - https:\/\/yoast.com\/product\/yoast-seo-premium-wordpress\/ -->\n<title>Ein Tag im Leben eines Eventfotografen\/Videografen in Hamburg - SeeSaw | Photographer + Videographer for Events<\/title>\n<meta name=\"description\" content=\"Bevor Sie einen Fotografen oder einen Videofilmer f\u00fcr Ihre n\u00e4chste Veranstaltung oder Konferenz in Hamburg engagieren, lesen Sie diesen Artikel.\" \/>\n<meta name=\"robots\" content=\"index, follow, max-snippet:-1, max-image-preview:large, max-video-preview:-1\" \/>\n<link rel=\"canonical\" href=\"https:\/\/seesaw-foto.com\/de\/ein-tag-im-leben-eines-eventfotografen-videografen-in-hamburg\/\" \/>\n<meta property=\"og:locale\" content=\"de_DE\" \/>\n<meta property=\"og:type\" content=\"article\" \/>\n<meta property=\"og:title\" content=\"Ein Tag im Leben eines Eventfotografen\/Videografen in Hamburg\" \/>\n<meta property=\"og:description\" content=\"Bevor Sie einen Fotografen oder einen Videofilmer f\u00fcr Ihre n\u00e4chste Veranstaltung oder Konferenz in Hamburg engagieren, lesen Sie diesen Artikel.\" \/>\n<meta property=\"og:url\" content=\"https:\/\/seesaw-foto.com\/de\/ein-tag-im-leben-eines-eventfotografen-videografen-in-hamburg\/\" \/>\n<meta property=\"og:site_name\" content=\"SeeSaw | Photographer + Videographer for Events\" \/>\n<meta property=\"article:publisher\" content=\"https:\/\/web.facebook.com\/EventPhotographyBerlin\" \/>\n<meta property=\"article:published_time\" content=\"2018-07-11T09:40:23+00:00\" \/>\n<meta property=\"article:modified_time\" content=\"2023-04-11T22:13:57+00:00\" \/>\n<meta property=\"og:image\" content=\"https:\/\/seesaw-foto.com\/wp-content\/uploads\/2020\/12\/20160512-GTREU-YS07-7165.jpg\" \/>\n\t<meta property=\"og:image:width\" content=\"1200\" \/>\n\t<meta property=\"og:image:height\" content=\"800\" \/>\n\t<meta property=\"og:image:type\" content=\"image\/jpeg\" \/>\n<meta name=\"author\" content=\"yehuda\" \/>\n<meta name=\"twitter:card\" content=\"summary_large_image\" \/>\n<meta name=\"twitter:label1\" content=\"Verfasst von\" \/>\n\t<meta name=\"twitter:data1\" content=\"yehuda\" \/>\n\t<meta name=\"twitter:label2\" content=\"Gesch\u00e4tzte Lesezeit\" \/>\n\t<meta name=\"twitter:data2\" content=\"4\u00a0Minuten\" \/>\n<!-- \/ Yoast SEO Premium plugin. -->","yoast_head_json":{"title":"Ein Tag im Leben eines Eventfotografen\/Videografen in Hamburg - SeeSaw | Photographer + Videographer for Events","description":"Bevor Sie einen Fotografen oder einen Videofilmer f\u00fcr Ihre n\u00e4chste Veranstaltung oder Konferenz in Hamburg engagieren, lesen Sie diesen Artikel.","robots":{"index":"index","follow":"follow","max-snippet":"max-snippet:-1","max-image-preview":"max-image-preview:large","max-video-preview":"max-video-preview:-1"},"canonical":"https:\/\/seesaw-foto.com\/de\/ein-tag-im-leben-eines-eventfotografen-videografen-in-hamburg\/","og_locale":"de_DE","og_type":"article","og_title":"Ein Tag im Leben eines Eventfotografen\/Videografen in Hamburg","og_description":"Bevor Sie einen Fotografen oder einen Videofilmer f\u00fcr Ihre n\u00e4chste Veranstaltung oder Konferenz in Hamburg engagieren, lesen Sie diesen Artikel.","og_url":"https:\/\/seesaw-foto.com\/de\/ein-tag-im-leben-eines-eventfotografen-videografen-in-hamburg\/","og_site_name":"SeeSaw | Photographer + Videographer for Events","article_publisher":"https:\/\/web.facebook.com\/EventPhotographyBerlin","article_published_time":"2018-07-11T09:40:23+00:00","article_modified_time":"2023-04-11T22:13:57+00:00","og_image":[{"width":1200,"height":800,"url":"https:\/\/seesaw-foto.com\/wp-content\/uploads\/2020\/12\/20160512-GTREU-YS07-7165.jpg","type":"image\/jpeg"}],"author":"yehuda","twitter_card":"summary_large_image","twitter_misc":{"Verfasst von":"yehuda","Gesch\u00e4tzte Lesezeit":"4\u00a0Minuten"},"schema":{"@context":"https:\/\/schema.org","@graph":[{"@type":"Article","@id":"https:\/\/seesaw-foto.com\/de\/ein-tag-im-leben-eines-eventfotografen-videografen-in-hamburg\/#article","isPartOf":{"@id":"https:\/\/seesaw-foto.com\/de\/ein-tag-im-leben-eines-eventfotografen-videografen-in-hamburg\/"},"author":{"name":"yehuda","@id":"https:\/\/seesaw-foto.com\/de\/#\/schema\/person\/768c6cad5ad501d3a5a9ebdf14166013"},"headline":"Ein Tag im Leben eines Eventfotografen\/Videografen in Hamburg","datePublished":"2018-07-11T09:40:23+00:00","dateModified":"2023-04-11T22:13:57+00:00","mainEntityOfPage":{"@id":"https:\/\/seesaw-foto.com\/de\/ein-tag-im-leben-eines-eventfotografen-videografen-in-hamburg\/"},"wordCount":715,"commentCount":0,"publisher":{"@id":"https:\/\/seesaw-foto.com\/de\/#organization"},"image":{"@id":"https:\/\/seesaw-foto.com\/de\/ein-tag-im-leben-eines-eventfotografen-videografen-in-hamburg\/#primaryimage"},"thumbnailUrl":"https:\/\/seesaw-foto.com\/wp-content\/uploads\/2020\/12\/20160512-GTREU-YS07-7165.jpg","keywords":["Event-Fotograf Hamburg","Videofilmer Hamburg"],"articleSection":["Beispielhafte Ereignisse","Event photography","Event-Fotografie","Fallstudie","Tipps f\u00fcr Veranstaltungsplaner"],"inLanguage":"de","potentialAction":[{"@type":"CommentAction","name":"Comment","target":["https:\/\/seesaw-foto.com\/de\/ein-tag-im-leben-eines-eventfotografen-videografen-in-hamburg\/#respond"]}]},{"@type":"WebPage","@id":"https:\/\/seesaw-foto.com\/de\/ein-tag-im-leben-eines-eventfotografen-videografen-in-hamburg\/","url":"https:\/\/seesaw-foto.com\/de\/ein-tag-im-leben-eines-eventfotografen-videografen-in-hamburg\/","name":"Ein Tag im Leben eines Eventfotografen\/Videografen in Hamburg - SeeSaw | Photographer + Videographer for Events","isPartOf":{"@id":"https:\/\/seesaw-foto.com\/de\/#website"},"primaryImageOfPage":{"@id":"https:\/\/seesaw-foto.com\/de\/ein-tag-im-leben-eines-eventfotografen-videografen-in-hamburg\/#primaryimage"},"image":{"@id":"https:\/\/seesaw-foto.com\/de\/ein-tag-im-leben-eines-eventfotografen-videografen-in-hamburg\/#primaryimage"},"thumbnailUrl":"https:\/\/seesaw-foto.com\/wp-content\/uploads\/2020\/12\/20160512-GTREU-YS07-7165.jpg","datePublished":"2018-07-11T09:40:23+00:00","dateModified":"2023-04-11T22:13:57+00:00","description":"Bevor Sie einen Fotografen oder einen Videofilmer f\u00fcr Ihre n\u00e4chste Veranstaltung oder Konferenz in Hamburg engagieren, lesen Sie diesen Artikel.","breadcrumb":{"@id":"https:\/\/seesaw-foto.com\/de\/ein-tag-im-leben-eines-eventfotografen-videografen-in-hamburg\/#breadcrumb"},"inLanguage":"de","potentialAction":[{"@type":"ReadAction","target":["https:\/\/seesaw-foto.com\/de\/ein-tag-im-leben-eines-eventfotografen-videografen-in-hamburg\/"]}]},{"@type":"ImageObject","inLanguage":"de","@id":"https:\/\/seesaw-foto.com\/de\/ein-tag-im-leben-eines-eventfotografen-videografen-in-hamburg\/#primaryimage","url":"https:\/\/seesaw-foto.com\/wp-content\/uploads\/2020\/12\/20160512-GTREU-YS07-7165.jpg","contentUrl":"https:\/\/seesaw-foto.com\/wp-content\/uploads\/2020\/12\/20160512-GTREU-YS07-7165.jpg","width":1200,"height":800},{"@type":"BreadcrumbList","@id":"https:\/\/seesaw-foto.com\/de\/ein-tag-im-leben-eines-eventfotografen-videografen-in-hamburg\/#breadcrumb","itemListElement":[{"@type":"ListItem","position":1,"name":"Home","item":"https:\/\/seesaw-foto.com\/de\/"},{"@type":"ListItem","position":2,"name":"Tipps f\u00fcr Veranstaltungsplaner","item":"https:\/\/seesaw-foto.com\/de\/category\/tipps-fur-veranstaltungsplaner\/"},{"@type":"ListItem","position":3,"name":"Ein Tag im Leben eines Eventfotografen\/Videografen in Hamburg"}]},{"@type":"WebSite","@id":"https:\/\/seesaw-foto.com\/de\/#website","url":"https:\/\/seesaw-foto.com\/de\/","name":"SeeSaw | Photographer + Videographer for Events","description":"Event Photography and Event Video services in Berlin, Hamburg and Frankfurt for Corporate Events","publisher":{"@id":"https:\/\/seesaw-foto.com\/de\/#organization"},"potentialAction":[{"@type":"SearchAction","target":{"@type":"EntryPoint","urlTemplate":"https:\/\/seesaw-foto.com\/de\/?s={search_term_string}"},"query-input":{"@type":"PropertyValueSpecification","valueRequired":true,"valueName":"search_term_string"}}],"inLanguage":"de"},{"@type":"Organization","@id":"https:\/\/seesaw-foto.com\/de\/#organization","name":"See Saw event photography","url":"https:\/\/seesaw-foto.com\/de\/","logo":{"@type":"ImageObject","inLanguage":"de","@id":"https:\/\/seesaw-foto.com\/de\/#\/schema\/logo\/image\/","url":"https:\/\/www.seesaw-foto.com\/wp-content\/uploads\/2020\/11\/seesaw-print-1.png","contentUrl":"https:\/\/www.seesaw-foto.com\/wp-content\/uploads\/2020\/11\/seesaw-print-1.png","width":1448,"height":1549,"caption":"See Saw event photography"},"image":{"@id":"https:\/\/seesaw-foto.com\/de\/#\/schema\/logo\/image\/"},"sameAs":["https:\/\/web.facebook.com\/EventPhotographyBerlin","https:\/\/www.pinterest.de\/seesawagency\/"]},{"@type":"Person","@id":"https:\/\/seesaw-foto.com\/de\/#\/schema\/person\/768c6cad5ad501d3a5a9ebdf14166013","name":"yehuda","image":{"@type":"ImageObject","inLanguage":"de","@id":"https:\/\/seesaw-foto.com\/de\/#\/schema\/person\/image\/","url":"https:\/\/seesaw-foto.com\/wp-content\/litespeed\/avatar\/db0c579e651b22687055a76b52989fae.jpg?ver=1777471615","contentUrl":"https:\/\/seesaw-foto.com\/wp-content\/litespeed\/avatar\/db0c579e651b22687055a76b52989fae.jpg?ver=1777471615","caption":"yehuda"},"url":"https:\/\/seesaw-foto.com\/de\/author\/yehuda\/"}]}},"_links":{"self":[{"href":"https:\/\/seesaw-foto.com\/de\/wp-json\/wp\/v2\/posts\/11176","targetHints":{"allow":["GET"]}}],"collection":[{"href":"https:\/\/seesaw-foto.com\/de\/wp-json\/wp\/v2\/posts"}],"about":[{"href":"https:\/\/seesaw-foto.com\/de\/wp-json\/wp\/v2\/types\/post"}],"author":[{"embeddable":true,"href":"https:\/\/seesaw-foto.com\/de\/wp-json\/wp\/v2\/users\/3"}],"replies":[{"embeddable":true,"href":"https:\/\/seesaw-foto.com\/de\/wp-json\/wp\/v2\/comments?post=11176"}],"version-history":[{"count":0,"href":"https:\/\/seesaw-foto.com\/de\/wp-json\/wp\/v2\/posts\/11176\/revisions"}],"wp:featuredmedia":[{"embeddable":true,"href":"https:\/\/seesaw-foto.com\/de\/wp-json\/wp\/v2\/media\/10282"}],"wp:attachment":[{"href":"https:\/\/seesaw-foto.com\/de\/wp-json\/wp\/v2\/media?parent=11176"}],"wp:term":[{"taxonomy":"category","embeddable":true,"href":"https:\/\/seesaw-foto.com\/de\/wp-json\/wp\/v2\/categories?post=11176"},{"taxonomy":"post_tag","embeddable":true,"href":"https:\/\/seesaw-foto.com\/de\/wp-json\/wp\/v2\/tags?post=11176"}],"curies":[{"name":"wp","href":"https:\/\/api.w.org\/{rel}","templated":true}]}}